{"id":1302,"date":"2023-11-13T15:41:34","date_gmt":"2023-11-13T14:41:34","guid":{"rendered":"https:\/\/projets.agglo-fr.ch\/bau-von-velounterstaenden-in-der-agglomeration\/"},"modified":"2023-12-18T11:37:06","modified_gmt":"2023-12-18T10:37:06","slug":"bau-von-velounterstaenden-in-der-agglomeration","status":"publish","type":"post","link":"https:\/\/projets.agglo-fr.ch\/de\/bau-von-velounterstaenden-in-der-agglomeration\/","title":{"rendered":"Bau von Velounterst\u00e4nden in der Agglomeration"},"content":{"rendered":"","protected":false},"excerpt":{"rendered":"","protected":false},"author":5,"featured_media":0,"comment_status":"closed","ping_status":"closed","sticky":false,"template":"","format":"standard","meta":{"_acf_changed":false,"_seopress_robots_primary_cat":"none","_seopress_titles_title":"","_seopress_titles_desc":"Um die sanfte Mobilit\u00e4t zu f\u00f6rdern, wurden in der N\u00e4he verschiedener Interessengebiete (z. B. Schulen) in der Agglomeration Freiburg Fahrradst\u00e4nder aufgestellt.","_seopress_robots_index":"","footnotes":""},"categories":[16],"tags":[],"class_list":["post-1302","post","type-post","status-publish","format-standard","hentry","category-mobilitat"],"acf":[],"_links":{"self":[{"href":"https:\/\/projets.agglo-fr.ch\/de\/wp-json\/wp\/v2\/posts\/1302","targetHints":{"allow":["GET"]}}],"collection":[{"href":"https:\/\/projets.agglo-fr.ch\/de\/wp-json\/wp\/v2\/posts"}],"about":[{"href":"https:\/\/projets.agglo-fr.ch\/de\/wp-json\/wp\/v2\/types\/post"}],"author":[{"embeddable":true,"href":"https:\/\/projets.agglo-fr.ch\/de\/wp-json\/wp\/v2\/users\/5"}],"replies":[{"embeddable":true,"href":"https:\/\/projets.agglo-fr.ch\/de\/wp-json\/wp\/v2\/comments?post=1302"}],"version-history":[{"count":1,"href":"https:\/\/projets.agglo-fr.ch\/de\/wp-json\/wp\/v2\/posts\/1302\/revisions"}],"predecessor-version":[{"id":1365,"href":"https:\/\/projets.agglo-fr.ch\/de\/wp-json\/wp\/v2\/posts\/1302\/revisions\/1365"}],"wp:attachment":[{"href":"https:\/\/projets.agglo-fr.ch\/de\/wp-json\/wp\/v2\/media?parent=1302"}],"wp:term":[{"taxonomy":"category","embeddable":true,"href":"https:\/\/projets.agglo-fr.ch\/de\/wp-json\/wp\/v2\/categories?post=1302"},{"taxonomy":"post_tag","embeddable":true,"href":"https:\/\/projets.agglo-fr.ch\/de\/wp-json\/wp\/v2\/tags?post=1302"}],"curies":[{"name":"wp","href":"https:\/\/api.w.org\/{rel}","templated":true}]}}