{"id":1304,"date":"2023-11-19T15:19:21","date_gmt":"2023-11-19T14:19:21","guid":{"rendered":"https:\/\/projets.agglo-fr.ch\/lv-gestaltung-les-rochettes\/"},"modified":"2023-12-15T09:53:53","modified_gmt":"2023-12-15T08:53:53","slug":"lv-gestaltung-les-rochettes","status":"publish","type":"post","link":"https:\/\/projets.agglo-fr.ch\/de\/lv-gestaltung-les-rochettes\/","title":{"rendered":"LV-Gestaltung Les Rochettes"},"content":{"rendered":"&#13;\n<p class=\"wp-block-paragraph\">Bienvenue sur WordPress. Ceci est votre premier article. Modifiez-le ou supprimez-le, puis commencez \u00e0 \u00e9crire !<\/p>&#13;\n","protected":false},"excerpt":{"rendered":"<p>&#13; Bienvenue sur WordPress. Ceci est votre premier article. Modifiez-le ou supprimez-le, puis commencez \u00e0 \u00e9crire ! &#13;<\/p>\n","protected":false},"author":1,"featured_media":0,"comment_status":"closed","ping_status":"closed","sticky":false,"template":"","format":"standard","meta":{"_acf_changed":false,"_seopress_robots_primary_cat":"none","_seopress_titles_title":"","_seopress_titles_desc":"Um den Fahrrad- und Fussg\u00e4ngerverkehr attraktiver und sicherer zu machen, wurde in Villars-sur-Gl\u00e2ne ein neuer Weg f\u00fcr den Langsamverkehr geschaffen. ","_seopress_robots_index":"","footnotes":""},"categories":[16,17],"tags":[],"class_list":["post-1304","post","type-post","status-publish","format-standard","hentry","category-mobilitat","category-nature-und-landschaft"],"acf":[],"_links":{"self":[{"href":"https:\/\/projets.agglo-fr.ch\/de\/wp-json\/wp\/v2\/posts\/1304","targetHints":{"allow":["GET"]}}],"collection":[{"href":"https:\/\/projets.agglo-fr.ch\/de\/wp-json\/wp\/v2\/posts"}],"about":[{"href":"https:\/\/projets.agglo-fr.ch\/de\/wp-json\/wp\/v2\/types\/post"}],"author":[{"embeddable":true,"href":"https:\/\/projets.agglo-fr.ch\/de\/wp-json\/wp\/v2\/users\/1"}],"replies":[{"embeddable":true,"href":"https:\/\/projets.agglo-fr.ch\/de\/wp-json\/wp\/v2\/comments?post=1304"}],"version-history":[{"count":3,"href":"https:\/\/projets.agglo-fr.ch\/de\/wp-json\/wp\/v2\/posts\/1304\/revisions"}],"predecessor-version":[{"id":1307,"href":"https:\/\/projets.agglo-fr.ch\/de\/wp-json\/wp\/v2\/posts\/1304\/revisions\/1307"}],"wp:attachment":[{"href":"https:\/\/projets.agglo-fr.ch\/de\/wp-json\/wp\/v2\/media?parent=1304"}],"wp:term":[{"taxonomy":"category","embeddable":true,"href":"https:\/\/projets.agglo-fr.ch\/de\/wp-json\/wp\/v2\/categories?post=1304"},{"taxonomy":"post_tag","embeddable":true,"href":"https:\/\/projets.agglo-fr.ch\/de\/wp-json\/wp\/v2\/tags?post=1304"}],"curies":[{"name":"wp","href":"https:\/\/api.w.org\/{rel}","templated":true}]}}