{"id":1313,"date":"2023-11-21T13:06:49","date_gmt":"2023-11-21T12:06:49","guid":{"rendered":"https:\/\/projets.agglo-fr.ch\/bau-von-br-stationen-bahnhof-freiburg\/"},"modified":"2023-11-21T13:06:49","modified_gmt":"2023-11-21T12:06:49","slug":"bau-von-br-stationen-bahnhof-freiburg","status":"publish","type":"post","link":"https:\/\/projets.agglo-fr.ch\/de\/bau-von-br-stationen-bahnhof-freiburg\/","title":{"rendered":"Bau von B+R-Stationen: Bahnhof Freiburg"},"content":{"rendered":"","protected":false},"excerpt":{"rendered":"","protected":false},"author":5,"featured_media":0,"comment_status":"closed","ping_status":"closed","sticky":false,"template":"","format":"standard","meta":{"_acf_changed":false,"_seopress_robots_primary_cat":"none","_seopress_titles_title":"","_seopress_titles_desc":"Um die kombinierte Mobilit\u00e4t (Nutzung \u00f6ffentlicher Verkehrsmittel + Fahrr\u00e4der) zu f\u00f6rdern, wurde am Bahnhof Freiburg eine B+R-Veloabstellpl\u00e4tze (Bike & Ride) eingerichtet.","_seopress_robots_index":"","footnotes":""},"categories":[16],"tags":[],"class_list":["post-1313","post","type-post","status-publish","format-standard","hentry","category-mobilitat"],"acf":[],"_links":{"self":[{"href":"https:\/\/projets.agglo-fr.ch\/de\/wp-json\/wp\/v2\/posts\/1313","targetHints":{"allow":["GET"]}}],"collection":[{"href":"https:\/\/projets.agglo-fr.ch\/de\/wp-json\/wp\/v2\/posts"}],"about":[{"href":"https:\/\/projets.agglo-fr.ch\/de\/wp-json\/wp\/v2\/types\/post"}],"author":[{"embeddable":true,"href":"https:\/\/projets.agglo-fr.ch\/de\/wp-json\/wp\/v2\/users\/5"}],"replies":[{"embeddable":true,"href":"https:\/\/projets.agglo-fr.ch\/de\/wp-json\/wp\/v2\/comments?post=1313"}],"version-history":[{"count":0,"href":"https:\/\/projets.agglo-fr.ch\/de\/wp-json\/wp\/v2\/posts\/1313\/revisions"}],"wp:attachment":[{"href":"https:\/\/projets.agglo-fr.ch\/de\/wp-json\/wp\/v2\/media?parent=1313"}],"wp:term":[{"taxonomy":"category","embeddable":true,"href":"https:\/\/projets.agglo-fr.ch\/de\/wp-json\/wp\/v2\/categories?post=1313"},{"taxonomy":"post_tag","embeddable":true,"href":"https:\/\/projets.agglo-fr.ch\/de\/wp-json\/wp\/v2\/tags?post=1313"}],"curies":[{"name":"wp","href":"https:\/\/api.w.org\/{rel}","templated":true}]}}