{"id":1319,"date":"2023-11-27T15:29:45","date_gmt":"2023-11-27T14:29:45","guid":{"rendered":"https:\/\/projets.agglo-fr.ch\/lv-gestaltung-im-briegliquartier\/"},"modified":"2023-12-15T10:16:33","modified_gmt":"2023-12-15T09:16:33","slug":"lv-gestaltung-im-briegliquartier","status":"publish","type":"post","link":"https:\/\/projets.agglo-fr.ch\/de\/lv-gestaltung-im-briegliquartier\/","title":{"rendered":"LV-Gestaltung im Briegliquartier"},"content":{"rendered":"","protected":false},"excerpt":{"rendered":"","protected":false},"author":5,"featured_media":0,"comment_status":"closed","ping_status":"closed","sticky":false,"template":"","format":"standard","meta":{"_acf_changed":false,"_seopress_robots_primary_cat":"none","_seopress_titles_title":"","_seopress_titles_desc":"Im Briegliquartier in D\u00fcdingen wurde Infrastruktur geschaffen, um die Erreichbarkeit mit Langsamverkehr und \u00f6ffentlichen Verkehrsmitteln zu f\u00f6rdern.","_seopress_robots_index":"","footnotes":""},"categories":[16],"tags":[],"class_list":["post-1319","post","type-post","status-publish","format-standard","hentry","category-mobilitat"],"acf":[],"_links":{"self":[{"href":"https:\/\/projets.agglo-fr.ch\/de\/wp-json\/wp\/v2\/posts\/1319","targetHints":{"allow":["GET"]}}],"collection":[{"href":"https:\/\/projets.agglo-fr.ch\/de\/wp-json\/wp\/v2\/posts"}],"about":[{"href":"https:\/\/projets.agglo-fr.ch\/de\/wp-json\/wp\/v2\/types\/post"}],"author":[{"embeddable":true,"href":"https:\/\/projets.agglo-fr.ch\/de\/wp-json\/wp\/v2\/users\/5"}],"replies":[{"embeddable":true,"href":"https:\/\/projets.agglo-fr.ch\/de\/wp-json\/wp\/v2\/comments?post=1319"}],"version-history":[{"count":1,"href":"https:\/\/projets.agglo-fr.ch\/de\/wp-json\/wp\/v2\/posts\/1319\/revisions"}],"predecessor-version":[{"id":1320,"href":"https:\/\/projets.agglo-fr.ch\/de\/wp-json\/wp\/v2\/posts\/1319\/revisions\/1320"}],"wp:attachment":[{"href":"https:\/\/projets.agglo-fr.ch\/de\/wp-json\/wp\/v2\/media?parent=1319"}],"wp:term":[{"taxonomy":"category","embeddable":true,"href":"https:\/\/projets.agglo-fr.ch\/de\/wp-json\/wp\/v2\/categories?post=1319"},{"taxonomy":"post_tag","embeddable":true,"href":"https:\/\/projets.agglo-fr.ch\/de\/wp-json\/wp\/v2\/tags?post=1319"}],"curies":[{"name":"wp","href":"https:\/\/api.w.org\/{rel}","templated":true}]}}