{"id":1322,"date":"2023-11-28T06:00:49","date_gmt":"2023-11-28T05:00:49","guid":{"rendered":"https:\/\/projets.agglo-fr.ch\/bau-von-br-stationen-bahnhof-poya\/"},"modified":"2023-11-28T06:00:49","modified_gmt":"2023-11-28T05:00:49","slug":"bau-von-br-stationen-bahnhof-poya","status":"publish","type":"post","link":"https:\/\/projets.agglo-fr.ch\/de\/bau-von-br-stationen-bahnhof-poya\/","title":{"rendered":"Bau von B+R-Stationen: Bahnhof Poya"},"content":{"rendered":"","protected":false},"excerpt":{"rendered":"","protected":false},"author":5,"featured_media":0,"comment_status":"closed","ping_status":"closed","sticky":false,"template":"","format":"standard","meta":{"_acf_changed":false,"_seopress_robots_primary_cat":"none","_seopress_titles_title":"","_seopress_titles_desc":"Um die kombinierte Mobilit\u00e4t (Nutzung \u00d6V + Velo) zu f\u00f6rdern und zu beg\u00fcnstigen, wurde beim Bahnhof Poya eine B+R-Station eingerichtet.","_seopress_robots_index":"","footnotes":""},"categories":[16],"tags":[],"class_list":["post-1322","post","type-post","status-publish","format-standard","hentry","category-mobilitat"],"acf":[],"_links":{"self":[{"href":"https:\/\/projets.agglo-fr.ch\/de\/wp-json\/wp\/v2\/posts\/1322","targetHints":{"allow":["GET"]}}],"collection":[{"href":"https:\/\/projets.agglo-fr.ch\/de\/wp-json\/wp\/v2\/posts"}],"about":[{"href":"https:\/\/projets.agglo-fr.ch\/de\/wp-json\/wp\/v2\/types\/post"}],"author":[{"embeddable":true,"href":"https:\/\/projets.agglo-fr.ch\/de\/wp-json\/wp\/v2\/users\/5"}],"replies":[{"embeddable":true,"href":"https:\/\/projets.agglo-fr.ch\/de\/wp-json\/wp\/v2\/comments?post=1322"}],"version-history":[{"count":0,"href":"https:\/\/projets.agglo-fr.ch\/de\/wp-json\/wp\/v2\/posts\/1322\/revisions"}],"wp:attachment":[{"href":"https:\/\/projets.agglo-fr.ch\/de\/wp-json\/wp\/v2\/media?parent=1322"}],"wp:term":[{"taxonomy":"category","embeddable":true,"href":"https:\/\/projets.agglo-fr.ch\/de\/wp-json\/wp\/v2\/categories?post=1322"},{"taxonomy":"post_tag","embeddable":true,"href":"https:\/\/projets.agglo-fr.ch\/de\/wp-json\/wp\/v2\/tags?post=1322"}],"curies":[{"name":"wp","href":"https:\/\/api.w.org\/{rel}","templated":true}]}}