{"id":1323,"date":"2023-11-28T07:52:05","date_gmt":"2023-11-28T06:52:05","guid":{"rendered":"https:\/\/projets.agglo-fr.ch\/lv-gestaltung-eine-verbindung-zwischen-villars-vert-und-moncor\/"},"modified":"2023-12-15T10:23:33","modified_gmt":"2023-12-15T09:23:33","slug":"lv-gestaltung-eine-verbindung-zwischen-villars-vert-und-moncor","status":"publish","type":"post","link":"https:\/\/projets.agglo-fr.ch\/de\/lv-gestaltung-eine-verbindung-zwischen-villars-vert-und-moncor\/","title":{"rendered":"LV-Gestaltung: eine Verbindung zwischen Villars-Vert und Moncor"},"content":{"rendered":"&#13;\n<p class=\"wp-block-paragraph\">Bienvenue sur WordPress. Ceci est votre premier article. Modifiez-le ou supprimez-le, puis commencez \u00e0 \u00e9crire !<\/p>&#13;\n","protected":false},"excerpt":{"rendered":"<p>&#13; Bienvenue sur WordPress. Ceci est votre premier article. Modifiez-le ou supprimez-le, puis commencez \u00e0 \u00e9crire ! &#13;<\/p>\n","protected":false},"author":1,"featured_media":0,"comment_status":"closed","ping_status":"closed","sticky":false,"template":"","format":"standard","meta":{"_acf_changed":false,"_seopress_robots_primary_cat":"none","_seopress_titles_title":"","_seopress_titles_desc":"Um Villars-Vert, Moncor und den Standort Bertigny miteinander zu verbinden, wurde eine Fussg\u00e4ngerbr\u00fccke \u00fcber die Halbautobahn an der Belle-Croix-Kreuzung errichtet. ","_seopress_robots_index":"","footnotes":""},"categories":[16],"tags":[],"class_list":["post-1323","post","type-post","status-publish","format-standard","hentry","category-mobilitat"],"acf":[],"_links":{"self":[{"href":"https:\/\/projets.agglo-fr.ch\/de\/wp-json\/wp\/v2\/posts\/1323","targetHints":{"allow":["GET"]}}],"collection":[{"href":"https:\/\/projets.agglo-fr.ch\/de\/wp-json\/wp\/v2\/posts"}],"about":[{"href":"https:\/\/projets.agglo-fr.ch\/de\/wp-json\/wp\/v2\/types\/post"}],"author":[{"embeddable":true,"href":"https:\/\/projets.agglo-fr.ch\/de\/wp-json\/wp\/v2\/users\/1"}],"replies":[{"embeddable":true,"href":"https:\/\/projets.agglo-fr.ch\/de\/wp-json\/wp\/v2\/comments?post=1323"}],"version-history":[{"count":1,"href":"https:\/\/projets.agglo-fr.ch\/de\/wp-json\/wp\/v2\/posts\/1323\/revisions"}],"predecessor-version":[{"id":1324,"href":"https:\/\/projets.agglo-fr.ch\/de\/wp-json\/wp\/v2\/posts\/1323\/revisions\/1324"}],"wp:attachment":[{"href":"https:\/\/projets.agglo-fr.ch\/de\/wp-json\/wp\/v2\/media?parent=1323"}],"wp:term":[{"taxonomy":"category","embeddable":true,"href":"https:\/\/projets.agglo-fr.ch\/de\/wp-json\/wp\/v2\/categories?post=1323"},{"taxonomy":"post_tag","embeddable":true,"href":"https:\/\/projets.agglo-fr.ch\/de\/wp-json\/wp\/v2\/tags?post=1323"}],"curies":[{"name":"wp","href":"https:\/\/api.w.org\/{rel}","templated":true}]}}