{"id":1328,"date":"2023-11-28T09:19:08","date_gmt":"2023-11-28T08:19:08","guid":{"rendered":"https:\/\/projets.agglo-fr.ch\/transagglo-eine-bruecke-fuer-die-erschliessung-givisiez\/"},"modified":"2023-12-15T10:33:54","modified_gmt":"2023-12-15T09:33:54","slug":"transagglo-eine-bruecke-fuer-die-erschliessung-givisiez","status":"publish","type":"post","link":"https:\/\/projets.agglo-fr.ch\/de\/transagglo-eine-bruecke-fuer-die-erschliessung-givisiez\/","title":{"rendered":"TransAgglo: eine Br\u00fccke f\u00fcr die Erschliessung Givisiez"},"content":{"rendered":"&#13;\n<p class=\"wp-block-paragraph\">Bienvenue sur WordPress. Ceci est votre premier article. Modifiez-le ou supprimez-le, puis commencez \u00e0 \u00e9crire !<\/p>&#13;\n","protected":false},"excerpt":{"rendered":"<p>&#13; Bienvenue sur WordPress. Ceci est votre premier article. Modifiez-le ou supprimez-le, puis commencez \u00e0 \u00e9crire ! &#13;<\/p>\n","protected":false},"author":1,"featured_media":0,"comment_status":"closed","ping_status":"closed","sticky":false,"template":"","format":"standard","meta":{"_acf_changed":false,"_seopress_robots_primary_cat":"none","_seopress_titles_title":"","_seopress_titles_desc":"Diese Fussg\u00e4ngerbr\u00fccke, die f\u00fcr Nutzerinnen und Nutzer von Langsamverkehr bestimmt ist, verbindet den Bahnhof von Givisiez mit dem Quartier de la Faye.","_seopress_robots_index":"","footnotes":""},"categories":[16],"tags":[],"class_list":["post-1328","post","type-post","status-publish","format-standard","hentry","category-mobilitat"],"acf":[],"_links":{"self":[{"href":"https:\/\/projets.agglo-fr.ch\/de\/wp-json\/wp\/v2\/posts\/1328","targetHints":{"allow":["GET"]}}],"collection":[{"href":"https:\/\/projets.agglo-fr.ch\/de\/wp-json\/wp\/v2\/posts"}],"about":[{"href":"https:\/\/projets.agglo-fr.ch\/de\/wp-json\/wp\/v2\/types\/post"}],"author":[{"embeddable":true,"href":"https:\/\/projets.agglo-fr.ch\/de\/wp-json\/wp\/v2\/users\/1"}],"replies":[{"embeddable":true,"href":"https:\/\/projets.agglo-fr.ch\/de\/wp-json\/wp\/v2\/comments?post=1328"}],"version-history":[{"count":3,"href":"https:\/\/projets.agglo-fr.ch\/de\/wp-json\/wp\/v2\/posts\/1328\/revisions"}],"predecessor-version":[{"id":1331,"href":"https:\/\/projets.agglo-fr.ch\/de\/wp-json\/wp\/v2\/posts\/1328\/revisions\/1331"}],"wp:attachment":[{"href":"https:\/\/projets.agglo-fr.ch\/de\/wp-json\/wp\/v2\/media?parent=1328"}],"wp:term":[{"taxonomy":"category","embeddable":true,"href":"https:\/\/projets.agglo-fr.ch\/de\/wp-json\/wp\/v2\/categories?post=1328"},{"taxonomy":"post_tag","embeddable":true,"href":"https:\/\/projets.agglo-fr.ch\/de\/wp-json\/wp\/v2\/tags?post=1328"}],"curies":[{"name":"wp","href":"https:\/\/api.w.org\/{rel}","templated":true}]}}