{"id":1332,"date":"2023-11-28T10:53:27","date_gmt":"2023-11-28T09:53:27","guid":{"rendered":"https:\/\/projets.agglo-fr.ch\/transagglo-unterfuehrung-route-de-cormanon\/"},"modified":"2023-12-15T10:36:08","modified_gmt":"2023-12-15T09:36:08","slug":"transagglo-unterfuehrung-route-de-cormanon","status":"publish","type":"post","link":"https:\/\/projets.agglo-fr.ch\/de\/transagglo-unterfuehrung-route-de-cormanon\/","title":{"rendered":"TransAgglo: Unterf\u00fchrung Route de Cormanon"},"content":{"rendered":"","protected":false},"excerpt":{"rendered":"","protected":false},"author":5,"featured_media":0,"comment_status":"closed","ping_status":"closed","sticky":false,"template":"","format":"standard","meta":{"_acf_changed":false,"_seopress_robots_primary_cat":"none","_seopress_titles_title":"","_seopress_titles_desc":"Transagglo: Diese Unterf\u00fchrung in Villars-sur-Gl\u00e2ne erm\u00f6glicht es Radfahrern und Fussg\u00e4ngern, das Quartier Cormanon sicher zu durchqueren.","_seopress_robots_index":"","footnotes":""},"categories":[16],"tags":[],"class_list":["post-1332","post","type-post","status-publish","format-standard","hentry","category-mobilitat"],"acf":[],"_links":{"self":[{"href":"https:\/\/projets.agglo-fr.ch\/de\/wp-json\/wp\/v2\/posts\/1332","targetHints":{"allow":["GET"]}}],"collection":[{"href":"https:\/\/projets.agglo-fr.ch\/de\/wp-json\/wp\/v2\/posts"}],"about":[{"href":"https:\/\/projets.agglo-fr.ch\/de\/wp-json\/wp\/v2\/types\/post"}],"author":[{"embeddable":true,"href":"https:\/\/projets.agglo-fr.ch\/de\/wp-json\/wp\/v2\/users\/5"}],"replies":[{"embeddable":true,"href":"https:\/\/projets.agglo-fr.ch\/de\/wp-json\/wp\/v2\/comments?post=1332"}],"version-history":[{"count":1,"href":"https:\/\/projets.agglo-fr.ch\/de\/wp-json\/wp\/v2\/posts\/1332\/revisions"}],"predecessor-version":[{"id":1333,"href":"https:\/\/projets.agglo-fr.ch\/de\/wp-json\/wp\/v2\/posts\/1332\/revisions\/1333"}],"wp:attachment":[{"href":"https:\/\/projets.agglo-fr.ch\/de\/wp-json\/wp\/v2\/media?parent=1332"}],"wp:term":[{"taxonomy":"category","embeddable":true,"href":"https:\/\/projets.agglo-fr.ch\/de\/wp-json\/wp\/v2\/categories?post=1332"},{"taxonomy":"post_tag","embeddable":true,"href":"https:\/\/projets.agglo-fr.ch\/de\/wp-json\/wp\/v2\/tags?post=1332"}],"curies":[{"name":"wp","href":"https:\/\/api.w.org\/{rel}","templated":true}]}}