{"id":1334,"date":"2023-11-28T11:49:41","date_gmt":"2023-11-28T10:49:41","guid":{"rendered":"https:\/\/projets.agglo-fr.ch\/transagglo-ein-steg-entlang-der-toggelilochbruecke\/"},"modified":"2023-12-15T10:40:37","modified_gmt":"2023-12-15T09:40:37","slug":"transagglo-ein-steg-entlang-der-toggelilochbruecke","status":"publish","type":"post","link":"https:\/\/projets.agglo-fr.ch\/de\/transagglo-ein-steg-entlang-der-toggelilochbruecke\/","title":{"rendered":"TransAgglo : Ein Steg entlang der Toggelilochbr\u00fccke"},"content":{"rendered":"","protected":false},"excerpt":{"rendered":"","protected":false},"author":5,"featured_media":0,"comment_status":"closed","ping_status":"closed","sticky":false,"template":"","format":"standard","meta":{"_acf_changed":false,"_seopress_robots_primary_cat":"none","_seopress_titles_title":"","_seopress_titles_desc":"Die entlang der Toggelilochbr\u00fccke angelegte Fussg\u00e4ngerbr\u00fccke erm\u00f6glicht den Nutzern von sanfter Mobilit\u00e4t einen leichteren Zugang zum Bahnhof D\u00fcdingen.","_seopress_robots_index":"","footnotes":""},"categories":[16],"tags":[],"class_list":["post-1334","post","type-post","status-publish","format-standard","hentry","category-mobilitat"],"acf":[],"_links":{"self":[{"href":"https:\/\/projets.agglo-fr.ch\/de\/wp-json\/wp\/v2\/posts\/1334","targetHints":{"allow":["GET"]}}],"collection":[{"href":"https:\/\/projets.agglo-fr.ch\/de\/wp-json\/wp\/v2\/posts"}],"about":[{"href":"https:\/\/projets.agglo-fr.ch\/de\/wp-json\/wp\/v2\/types\/post"}],"author":[{"embeddable":true,"href":"https:\/\/projets.agglo-fr.ch\/de\/wp-json\/wp\/v2\/users\/5"}],"replies":[{"embeddable":true,"href":"https:\/\/projets.agglo-fr.ch\/de\/wp-json\/wp\/v2\/comments?post=1334"}],"version-history":[{"count":1,"href":"https:\/\/projets.agglo-fr.ch\/de\/wp-json\/wp\/v2\/posts\/1334\/revisions"}],"predecessor-version":[{"id":1335,"href":"https:\/\/projets.agglo-fr.ch\/de\/wp-json\/wp\/v2\/posts\/1334\/revisions\/1335"}],"wp:attachment":[{"href":"https:\/\/projets.agglo-fr.ch\/de\/wp-json\/wp\/v2\/media?parent=1334"}],"wp:term":[{"taxonomy":"category","embeddable":true,"href":"https:\/\/projets.agglo-fr.ch\/de\/wp-json\/wp\/v2\/categories?post=1334"},{"taxonomy":"post_tag","embeddable":true,"href":"https:\/\/projets.agglo-fr.ch\/de\/wp-json\/wp\/v2\/tags?post=1334"}],"curies":[{"name":"wp","href":"https:\/\/api.w.org\/{rel}","templated":true}]}}