{"id":1338,"date":"2023-11-28T12:50:02","date_gmt":"2023-11-28T11:50:02","guid":{"rendered":"https:\/\/projets.agglo-fr.ch\/baumpflanzaktion-ein-baum-ein-kind\/"},"modified":"2023-11-28T12:50:02","modified_gmt":"2023-11-28T11:50:02","slug":"baumpflanzaktion-ein-baum-ein-kind","status":"publish","type":"post","link":"https:\/\/projets.agglo-fr.ch\/de\/baumpflanzaktion-ein-baum-ein-kind\/","title":{"rendered":"Baumpflanzaktion \u00abEin Baum \u2013 ein Kind\u00bb"},"content":{"rendered":"","protected":false},"excerpt":{"rendered":"","protected":false},"author":5,"featured_media":0,"comment_status":"closed","ping_status":"closed","sticky":false,"template":"","format":"standard","meta":{"_acf_changed":false,"_seopress_robots_primary_cat":"none","_seopress_titles_title":"","_seopress_titles_desc":"Um die Begr\u00fcnung der st\u00e4dtischen Umgebung zu verst\u00e4rken, schl\u00e4gt die Aktion \"Ein Baum ein Kind\" den Gemeinden vor, einen Baum zu pflanzen, um die Geburten zu symbolisieren, die auf ihrem Gebiet stattgefunden haben.","_seopress_robots_index":"","footnotes":""},"categories":[17],"tags":[],"class_list":["post-1338","post","type-post","status-publish","format-standard","hentry","category-nature-und-landschaft"],"acf":[],"_links":{"self":[{"href":"https:\/\/projets.agglo-fr.ch\/de\/wp-json\/wp\/v2\/posts\/1338","targetHints":{"allow":["GET"]}}],"collection":[{"href":"https:\/\/projets.agglo-fr.ch\/de\/wp-json\/wp\/v2\/posts"}],"about":[{"href":"https:\/\/projets.agglo-fr.ch\/de\/wp-json\/wp\/v2\/types\/post"}],"author":[{"embeddable":true,"href":"https:\/\/projets.agglo-fr.ch\/de\/wp-json\/wp\/v2\/users\/5"}],"replies":[{"embeddable":true,"href":"https:\/\/projets.agglo-fr.ch\/de\/wp-json\/wp\/v2\/comments?post=1338"}],"version-history":[{"count":0,"href":"https:\/\/projets.agglo-fr.ch\/de\/wp-json\/wp\/v2\/posts\/1338\/revisions"}],"wp:attachment":[{"href":"https:\/\/projets.agglo-fr.ch\/de\/wp-json\/wp\/v2\/media?parent=1338"}],"wp:term":[{"taxonomy":"category","embeddable":true,"href":"https:\/\/projets.agglo-fr.ch\/de\/wp-json\/wp\/v2\/categories?post=1338"},{"taxonomy":"post_tag","embeddable":true,"href":"https:\/\/projets.agglo-fr.ch\/de\/wp-json\/wp\/v2\/tags?post=1338"}],"curies":[{"name":"wp","href":"https:\/\/api.w.org\/{rel}","templated":true}]}}